{"id":2875,"date":"2022-09-26T11:16:07","date_gmt":"2022-09-26T09:16:07","guid":{"rendered":"https:\/\/k-smok.pl\/DMS2023\/?p=2875"},"modified":"2023-10-03T10:28:55","modified_gmt":"2023-10-03T08:28:55","slug":"istotne-zmiany-w-prawach-osob-tymczasowo-aresztowanych","status":"publish","type":"post","link":"https:\/\/k-smok.pl\/DMS2023\/istotne-zmiany-w-prawach-osob-tymczasowo-aresztowanych\/","title":{"rendered":"ISTOTNE ZMIANY W PRAWACH OS\u00d3B TYMCZASOWO ARESZTOWANYCH"},"content":{"rendered":"<p>[et_pb_section fb_built=&#8221;1&#8243; _builder_version=&#8221;4.19.1&#8243; custom_padding=&#8221;0px||||false|false&#8221; hover_enabled=&#8221;0&#8243; global_colors_info=&#8221;{}&#8221; sticky_enabled=&#8221;0&#8243;][et_pb_row _builder_version=&#8221;4.19.1&#8243; hover_enabled=&#8221;0&#8243; global_colors_info=&#8221;{}&#8221; width=&#8221;100%&#8221; max_width=&#8221;100%&#8221; sticky_enabled=&#8221;0&#8243;][et_pb_column type=&#8221;4_4&#8243; _builder_version=&#8221;4.16&#8243; global_colors_info=&#8221;{}&#8221;][et_pb_text _builder_version=&#8221;4.17.6&#8243; global_colors_info=&#8221;{}&#8221;]<\/p>\n<p>Dnia 5 sierpnia, Sejm Rzeczypospolitej Polskiej uchwali\u0142 ustaw\u0119 o zmianie ustawy \u2013 Kodeks Karny Wykonawczy oraz niekt\u00f3rych innych ustaw (Dz.U.2022.1855 z dnia 2022.09.02), kt\u00f3ra wprowadza istotne zmiany w zakresie kontaktu tymczasowo aresztowanego ze \u015bwiatem zewn\u0119trznym. Od dnia 16 wrze\u015bnia 2022 r. nowelizacji uleg\u0142a norma artyku\u0142u 217c kodeksu karnego wykonawczego, kt\u00f3ry w dotychczasowej wersji brzmia\u0142, i\u017c tymczasowo aresztowany mo\u017ce korzysta\u0107 z aparatu telefonicznego, z zastrze\u017ceniem \u00a7 2 i 3 (negatywne przes\u0142anki), na zasadach okre\u015blonych w regulaminie organizacyjno-porz\u0105dkowym wykonywania tymczasowego aresztowania, za zgod\u0105 organu, do kt\u00f3rego dyspozycji pozostaje.<\/p>\n<p>\u00a0\u00a0\u00a0\u00a0\u00a0\u00a0\u00a0\u00a0\u00a0\u00a0\u00a0 W wersji obowi\u0105zuj\u0105cej do 15 wrze\u015bnia 2022 r., przepisy nie przewidywa\u0142y \u017cadnych r\u00f3\u017cnic w prawach aresztowanego do kontaktu z obro\u0144c\u0105 czy jak\u0105kolwiek inn\u0105 osob\u0105. Takie zr\u00f3\u017cnicowanie pojawi\u0142o si\u0119 w najnowszej wersji ustawy i od 16 wrze\u015bnia 2022 r. kontakt z\u00a0obro\u0144c\u0105 zosta\u0142 ograniczony do co najmniej 1 kontaktu telefonicznego w tygodniu, a kontakt z osobami innymi (np. partner, dzieci), zosta\u0142 ograniczony do jedynie: uzasadnionych wypadk\u00f3w, zw\u0142aszcza gdy bezpo\u015bredni kontakt jest niemo\u017cliwy lub szczeg\u00f3lnie utrudniony, lub gdy wynika to z nag\u0142ej sytuacji \u017cyciowej. Jednocze\u015bnie ustawodawca wprowadzi\u0142 wym\u00f3g ka\u017cdorazowego uzyskiwania zgody na kontakt telefoniczny, z zastrze\u017ceniem, \u017ce organ, wydaj\u0105c zarz\u0105dzenie o wyra\u017ceniu zgody na kontakt telefoniczny, mo\u017ce postanowi\u0107 inaczej. Z\u00a0tego wzgl\u0119du pojawia si\u0119 ogromny problem interpretacyjny, w jaki spos\u00f3b organ mo\u017ce wyda\u0107 zgod\u0119 na wielokrotny kontakt telefoniczny aresztowanego w powi\u0105zaniu z\u00a0ograniczeniami, kt\u00f3re mog\u0105 by\u0107 nak\u0142adane przez jednostk\u0119 penitencjarn\u0105 w drodze regulamin\u00f3w wewn\u0119trznych reguluj\u0105cych spos\u00f3b korzystania z aparat\u00f3w telefonicznych.<\/p>\n<p>\u00a0\u00a0\u00a0\u00a0\u00a0\u00a0\u00a0\u00a0\u00a0\u00a0\u00a0 Powy\u017csze zmiany znacznie ograniczaj\u0105 prawo do kontaktu tymczasowo aresztowanego z osobami innymi ni\u017c obro\u0144ca w spos\u00f3b ca\u0142kowicie niczym nieuzasadniony. Powy\u017csza regulacja wzbudza szeroki sprzeciw wielu instytucji, kt\u00f3re wskazuj\u0105, i\u017c aktualnie tymczasowo aresztowany pozostaje ca\u0142kowicie odci\u0119ty od \u015bwiata zewn\u0119trznego, b\u0119d\u0105c mimo wszystko, do czasu prawomocnego skazania, osob\u0105 niewinn\u0105.<\/p>\n<p>Praktyka s\u0105dowa i czas poka\u017ce jak s\u0105dy i prokuratury b\u0119d\u0105 stosowa\u0107 zmienione przepisy i jak cz\u0119sto b\u0119d\u0105 umo\u017cliwia\u0107 kontakt telefoniczny aresztowanemu z np. \u017con\u0105\/m\u0119\u017cem, bez konieczno\u015bci ka\u017cdorazowego uzyskania zgody. Ogromne zastrze\u017cenia budzi tak\u017ce zapis, i\u017c aresztowany ma prawo do co najmniej jednego telefonu w tygodniu z obro\u0144c\u0105. Wed\u0142ug autor\u00f3w projektu, zmiana ta, ma zagwarantowa\u0107 prawo do kontaktu aresztowanego z\u00a0obro\u0144c\u0105, jednak\u017ce w praktyce to prawo nigdy nie by\u0142o bezprawnie ograniczane, a\u00a0osadzony w zasadzie m\u00f3g\u0142 dzie\u0144 w dzie\u0144 kontaktowa\u0107 si\u0119 ze swoim obro\u0144c\u0105. Aktualnie, jednostki penitencjarne mog\u0105 znacznie ograniczy\u0107 t\u0119 swobod\u0119 i zezwala\u0107 jedynie na wy\u0142\u0105cznie jeden telefon do obro\u0144cy w tygodniu co w spos\u00f3b istotny ogranicza prawo do obrony aresztowanego.<\/p>\n<p><em>Autor: apl. adw. Grzegorz J\u0119drocha<\/em><\/p>\n<p>[\/et_pb_text][\/et_pb_column][\/et_pb_row][\/et_pb_section]<\/p>\n","protected":false},"excerpt":{"rendered":"<p>Dnia 5 sierpnia, Sejm Rzeczypospolitej Polskiej uchwali\u0142 ustaw\u0119 o zmianie ustawy \u2013 Kodeks Karny Wykonawczy oraz niekt\u00f3rych innych ustaw (Dz.U.2022.1855 z dnia 2022.09.02), kt\u00f3ra wprowadza istotne zmiany w zakresie kontaktu tymczasowo aresztowanego ze \u015bwiatem zewn\u0119trznym. Od dnia 16 wrze\u015bnia 2022 r. nowelizacji uleg\u0142a norma artyku\u0142u 217c kodeksu karnego wykonawczego, kt\u00f3ry w dotychczasowej wersji brzmia\u0142, i\u017c [&hellip;]<\/p>\n","protected":false},"author":2,"featured_media":2878,"comment_status":"closed","ping_status":"open","sticky":false,"template":"","format":"standard","meta":{"_et_pb_use_builder":"on","_et_pb_old_content":"","_et_gb_content_width":"","footnotes":""},"categories":[1,14,29,26],"tags":[],"_links":{"self":[{"href":"https:\/\/k-smok.pl\/DMS2023\/wp-json\/wp\/v2\/posts\/2875"}],"collection":[{"href":"https:\/\/k-smok.pl\/DMS2023\/wp-json\/wp\/v2\/posts"}],"about":[{"href":"https:\/\/k-smok.pl\/DMS2023\/wp-json\/wp\/v2\/types\/post"}],"author":[{"embeddable":true,"href":"https:\/\/k-smok.pl\/DMS2023\/wp-json\/wp\/v2\/users\/2"}],"replies":[{"embeddable":true,"href":"https:\/\/k-smok.pl\/DMS2023\/wp-json\/wp\/v2\/comments?post=2875"}],"version-history":[{"count":5,"href":"https:\/\/k-smok.pl\/DMS2023\/wp-json\/wp\/v2\/posts\/2875\/revisions"}],"predecessor-version":[{"id":4305,"href":"https:\/\/k-smok.pl\/DMS2023\/wp-json\/wp\/v2\/posts\/2875\/revisions\/4305"}],"wp:featuredmedia":[{"embeddable":true,"href":"https:\/\/k-smok.pl\/DMS2023\/wp-json\/wp\/v2\/media\/2878"}],"wp:attachment":[{"href":"https:\/\/k-smok.pl\/DMS2023\/wp-json\/wp\/v2\/media?parent=2875"}],"wp:term":[{"taxonomy":"category","embeddable":true,"href":"https:\/\/k-smok.pl\/DMS2023\/wp-json\/wp\/v2\/categories?post=2875"},{"taxonomy":"post_tag","embeddable":true,"href":"https:\/\/k-smok.pl\/DMS2023\/wp-json\/wp\/v2\/tags?post=2875"}],"curies":[{"name":"wp","href":"https:\/\/api.w.org\/{rel}","templated":true}]}}