{"id":2608,"date":"2022-06-24T13:50:50","date_gmt":"2022-06-24T11:50:50","guid":{"rendered":"https:\/\/k-smok.pl\/DMS2023\/?p=2608"},"modified":"2023-10-03T10:35:26","modified_gmt":"2023-10-03T08:35:26","slug":"deklaracja-do-ceeb-co-to-takiego","status":"publish","type":"post","link":"https:\/\/k-smok.pl\/DMS2023\/deklaracja-do-ceeb-co-to-takiego\/","title":{"rendered":"Deklaracja do CEEB, co to takiego?"},"content":{"rendered":"<p>[et_pb_section fb_built=&#8221;1&#8243; _builder_version=&#8221;4.19.1&#8243; custom_padding=&#8221;0px||||false|false&#8221; hover_enabled=&#8221;0&#8243; global_colors_info=&#8221;{}&#8221; sticky_enabled=&#8221;0&#8243;][et_pb_row _builder_version=&#8221;4.19.1&#8243; hover_enabled=&#8221;0&#8243; global_colors_info=&#8221;{}&#8221; width=&#8221;100%&#8221; max_width=&#8221;100%&#8221; sticky_enabled=&#8221;0&#8243;][et_pb_column type=&#8221;4_4&#8243; _builder_version=&#8221;4.16&#8243; global_colors_info=&#8221;{}&#8221;][et_pb_text _builder_version=&#8221;4.16&#8243; global_colors_info=&#8221;{}&#8221;]<\/p>\n<p class=\"p1\">Z uwagi na post\u0119puj\u0105ce zmiany klimatyczne, a w szczeg\u00f3lno\u015bci zjawisko smogu wyst\u0119puj\u0105ce w\u00a0okresie jesienno-zimowym, od 1 lipca 2021 na mocy ustawy o wspieraniu termomodernizacji i\u00a0remont\u00f3w oraz centralnej ewidencji emisyjno\u015bci budynk\u00f3w, wprowadzony zosta\u0142 obowi\u0105zek poinformowania o zainstalowanym \u017ar\u00f3dle ciep\u0142a i rodzaju spalanych paliw w terminie 14 dni od pierwszego uruchomienia danego \u017ar\u00f3d\u0142a ciep\u0142a lub \u017ar\u00f3d\u0142a spalania paliw.<span class=\"Apple-converted-space\">\u00a0<\/span><\/p>\n<p class=\"p1\">Pojawia si\u0119 jednak pytanie, co z pozosta\u0142ymi, ju\u017c istniej\u0105cymi nieruchomo\u015bciami?<\/p>\n<p class=\"p1\">Dla istniej\u0105cych ju\u017c \u017ar\u00f3de\u0142 ciep\u0142a, ustawodawca wprowadzi\u0142 okres przej\u015bciowy trwaj\u0105cy rok. Do ko\u0144ca czerwca 2022 r. w\u0142a\u015bciciel lub zarz\u0105dca danej nieruchomo\u015bci ma obowi\u0105zek wype\u0142ni\u0107 deklaracj\u0119 o zainstalowanym \u017ar\u00f3dle ciep\u0142a i rodzaju spalanych paliw. Bardzo istotny jest jednak fakt, i\u017c w przypadku gdy osoba mieszka w budynku wielomieszkaniowym, np. w\u00a0bloku, nie musi wype\u0142nia\u0107 powy\u017cszej deklaracji, gdy\u017c obowi\u0105zek ten spoczywa na zarz\u0105dcy danej nieruchomo\u015bci.<span class=\"Apple-converted-space\">\u00a0<\/span><\/p>\n<p class=\"p1\">W ww. deklaracji nale\u017cy wskaza\u0107 wszystkie \u017ar\u00f3d\u0142a ciep\u0142a i rodzaj spalanych paliw w danym domu, w\u0142\u0105cznie z kominkiem, a tak\u017ce instalacj\u0105 fotowoltaiczn\u0105 z pomp\u0105 ciep\u0142a.<span class=\"Apple-converted-space\">\u00a0<\/span><\/p>\n<p class=\"p1\">Deklaracje mo\u017cna z\u0142o\u017cy\u0107 osobi\u015bcie we w\u0142a\u015bciwym miejscowo urz\u0119dzie gminy, listownie \u2013 wysy\u0142aj\u0105c na adres urz\u0119du gminy albo elektronicznie za pomoc\u0105 formularza Internetowego, jednak\u017ce wymagany jest w tym przypadku profil zaufany.<span class=\"Apple-converted-space\">\u00a0<\/span><\/p>\n<p class=\"p1\">Powy\u017cszego obowi\u0105zku lepiej nie lekcewa\u017cy\u0107, gdy\u017c za jego niewykonanie, mo\u017ce zosta\u0107 na\u0142o\u017cony mandat. <span class=\"Apple-converted-space\">\u00a0<\/span><\/p>\n<p class=\"p1\">apl. adw. Grzegorz J\u0119drocha<span class=\"Apple-converted-space\">\u00a0<\/span><\/p>\n<p>[\/et_pb_text][\/et_pb_column][\/et_pb_row][\/et_pb_section]<\/p>\n","protected":false},"excerpt":{"rendered":"<p>Z uwagi na post\u0119puj\u0105ce zmiany klimatyczne, a w szczeg\u00f3lno\u015bci zjawisko smogu wyst\u0119puj\u0105ce w\u00a0okresie jesienno-zimowym, od 1 lipca 2021 na mocy ustawy o wspieraniu termomodernizacji i\u00a0remont\u00f3w oraz centralnej ewidencji emisyjno\u015bci budynk\u00f3w, wprowadzony zosta\u0142 obowi\u0105zek poinformowania o zainstalowanym \u017ar\u00f3dle ciep\u0142a i rodzaju spalanych paliw w terminie 14 dni od pierwszego uruchomienia danego \u017ar\u00f3d\u0142a ciep\u0142a lub \u017ar\u00f3d\u0142a spalania [&hellip;]<\/p>\n","protected":false},"author":2,"featured_media":2613,"comment_status":"closed","ping_status":"open","sticky":false,"template":"","format":"standard","meta":{"_et_pb_use_builder":"on","_et_pb_old_content":"","_et_gb_content_width":"","footnotes":""},"categories":[26],"tags":[],"_links":{"self":[{"href":"https:\/\/k-smok.pl\/DMS2023\/wp-json\/wp\/v2\/posts\/2608"}],"collection":[{"href":"https:\/\/k-smok.pl\/DMS2023\/wp-json\/wp\/v2\/posts"}],"about":[{"href":"https:\/\/k-smok.pl\/DMS2023\/wp-json\/wp\/v2\/types\/post"}],"author":[{"embeddable":true,"href":"https:\/\/k-smok.pl\/DMS2023\/wp-json\/wp\/v2\/users\/2"}],"replies":[{"embeddable":true,"href":"https:\/\/k-smok.pl\/DMS2023\/wp-json\/wp\/v2\/comments?post=2608"}],"version-history":[{"count":4,"href":"https:\/\/k-smok.pl\/DMS2023\/wp-json\/wp\/v2\/posts\/2608\/revisions"}],"predecessor-version":[{"id":4325,"href":"https:\/\/k-smok.pl\/DMS2023\/wp-json\/wp\/v2\/posts\/2608\/revisions\/4325"}],"wp:featuredmedia":[{"embeddable":true,"href":"https:\/\/k-smok.pl\/DMS2023\/wp-json\/wp\/v2\/media\/2613"}],"wp:attachment":[{"href":"https:\/\/k-smok.pl\/DMS2023\/wp-json\/wp\/v2\/media?parent=2608"}],"wp:term":[{"taxonomy":"category","embeddable":true,"href":"https:\/\/k-smok.pl\/DMS2023\/wp-json\/wp\/v2\/categories?post=2608"},{"taxonomy":"post_tag","embeddable":true,"href":"https:\/\/k-smok.pl\/DMS2023\/wp-json\/wp\/v2\/tags?post=2608"}],"curies":[{"name":"wp","href":"https:\/\/api.w.org\/{rel}","templated":true}]}}